{"id":2998,"date":"2023-07-06T08:22:00","date_gmt":"2023-07-06T08:22:00","guid":{"rendered":"https:\/\/andre-bazin.fr\/gms\/?p=2998"},"modified":"2025-01-25T13:07:29","modified_gmt":"2025-01-25T13:07:29","slug":"notre-vision-du-marche-les-plats-cuisines-surgeles-en-gms-et-freezer-centers","status":"publish","type":"post","link":"https:\/\/andre-bazin.fr\/gms\/notre-vision-du-marche-les-plats-cuisines-surgeles-en-gms-et-freezer-centers\/","title":{"rendered":"Notre vision du march\u00e9: Les plats cuisin\u00e9s surgel\u00e9s en GMS et freezer centers","gt_translate_keys":[{"key":"rendered","format":"text"}]},"content":{"rendered":"\n<p>Leader du PAI en France, la soci\u00e9t\u00e9 Andr\u00e9 Bazin s\u2019appuie sur son exp\u00e9rience et son expertise pour offrir \u00e0 ses clients des produits \u00e0 fa\u00e7on et de qualit\u00e9 adapt\u00e9s aux exigences des industriels.<\/p>\n\n\n\n<figure class=\"wp-block-image\"><a href=\"https:\/\/www.andre-bazin.fr\/gms\/fr\/documentation\/etudes\/form\/\"><img decoding=\"async\" src=\"https:\/\/www.andre-bazin.fr\/gms\/models\/gallerymedia\/assets\/4\/\/4146abaf86a46_plats-cuisines-surgeles.png\" alt=\"\"\/><\/a><\/figure>\n\n\n\n<p>Pour mieux nous adapter au march\u00e9 et pour vous apporter des solutions sur mesure pour vos projets, nous vous proposons des analyses strat\u00e9giques par intervenant et par secteur via des \u00e9tudes r\u00e9alis\u00e9es \u00e0 partir de stores checks.<\/p>\n\n\n\n<p>Vous pouvez retrouver d\u00e8s \u00e0 pr\u00e9sent le r\u00e9sum\u00e9 de notre \u00e9tude 2022 sur les plats cuisin\u00e9s surgel\u00e9s en cliquant&nbsp;<a href=\"https:\/\/www.andre-bazin.fr\/gms\/fr\/documentation\/etudes\/form\/\">ici<\/a>.<\/p>\n\n\n\n<p>Les focus dans cette \u00e9tude :<\/p>\n\n\n\n<ul class=\"wp-block-list\">\n<li>Les types de marques<\/li>\n\n\n\n<li>Les cat\u00e9gories de plats cuisin\u00e9s<\/li>\n\n\n\n<li>Les types d\u2019ingr\u00e9dients retrouv\u00e9s<\/li>\n\n\n\n<li>La part de l\u2019origine France<\/li>\n\n\n\n<li>La part des ingr\u00e9dients sans additifs<\/li>\n\n\n\n<li>Le grammage<\/li>\n\n\n\n<li>Le prix<\/li>\n\n\n\n<li>Le Nutriscore<\/li>\n\n\n\n<li>Des focus sur diff\u00e9rents plats cuisin\u00e9s (Po\u00eal\u00e9e et recettes de p\u00e2tes)<\/li>\n\n\n\n<li>Des focus par ingr\u00e9dients (Eminc\u00e9 de poulet, Egren\u00e9 de b\u0153uf, Lardons, Jambon cuit, et chorizo)<\/li>\n<\/ul>\n\n\n\n<p>Pour toute information compl\u00e9mentaire ou pour obtenir l\u2019\u00e9tude dans son int\u00e9gralit\u00e9 :<\/p>\n\n\n\n<p>Thierry Jay<\/p>\n\n\n\n<p>Chef de produit PAI<\/p>\n\n\n\n<p>03.84.93.33.01<\/p>\n\n\n\n<p>thierry.jay@andre-bazin.fr\/gms<\/p>\n","protected":false,"gt_translate_keys":[{"key":"rendered","format":"html"}]},"excerpt":{"rendered":"<p>Leader du PAI en France, la soci\u00e9t\u00e9 Andr\u00e9 Bazin s\u2019appuie sur son exp\u00e9rience et son expertise pour offrir \u00e0 ses clients des produits \u00e0 fa\u00e7on et de qualit\u00e9 adapt\u00e9s aux exigences des industriels. Pour mieux nous adapter au march\u00e9 et pour vous apporter des solutions sur mesure pour vos projets, nous vous proposons des analyses [&hellip;]<\/p>\n","protected":false,"gt_translate_keys":[{"key":"rendered","format":"html"}]},"author":2,"featured_media":3000,"comment_status":"open","ping_status":"open","sticky":false,"template":"","format":"standard","meta":{"footnotes":""},"categories":[88],"tags":[],"class_list":["post-2998","post","type-post","status-publish","format-standard","has-post-thumbnail","hentry","category-vision-du-marche"],"yoast_head":"<!-- This site is optimized with the Yoast SEO plugin v27.3 - https:\/\/yoast.com\/product\/yoast-seo-wordpress\/ -->\n<title>Notre vision du march\u00e9: Les plats cuisin\u00e9s surgel\u00e9s en GMS et freezer centers - GMS - Andre Bazin - Charcuterie et Salaison<\/title>\n<meta name=\"robots\" content=\"index, follow, max-snippet:-1, max-image-preview:large, max-video-preview:-1\" \/>\n<link rel=\"canonical\" href=\"https:\/\/andre-bazin.fr\/gms\/notre-vision-du-marche-les-plats-cuisines-surgeles-en-gms-et-freezer-centers\/\" \/>\n<meta property=\"og:locale\" content=\"fr_FR\" \/>\n<meta property=\"og:type\" content=\"article\" \/>\n<meta property=\"og:title\" content=\"Notre vision du march\u00e9: Les plats cuisin\u00e9s surgel\u00e9s en GMS et freezer centers - GMS - Andre Bazin - Charcuterie et Salaison\" \/>\n<meta property=\"og:description\" content=\"Leader du PAI en France, la soci\u00e9t\u00e9 Andr\u00e9 Bazin s\u2019appuie sur son exp\u00e9rience et son expertise pour offrir \u00e0 ses clients des produits \u00e0 fa\u00e7on et de qualit\u00e9 adapt\u00e9s aux exigences des industriels. Pour mieux nous adapter au march\u00e9 et pour vous apporter des solutions sur mesure pour vos projets, nous vous proposons des analyses [&hellip;]\" \/>\n<meta property=\"og:url\" content=\"https:\/\/andre-bazin.fr\/gms\/notre-vision-du-marche-les-plats-cuisines-surgeles-en-gms-et-freezer-centers\/\" \/>\n<meta property=\"og:site_name\" content=\"GMS - Andre Bazin - Charcuterie et Salaison\" \/>\n<meta property=\"article:published_time\" content=\"2023-07-06T08:22:00+00:00\" \/>\n<meta property=\"article:modified_time\" content=\"2025-01-25T13:07:29+00:00\" \/>\n<meta property=\"og:image\" content=\"https:\/\/andre-bazin.fr\/gms\/wp-content\/uploads\/sites\/7\/2024\/09\/e5cf921096a46_media-lie.png\" \/>\n\t<meta property=\"og:image:width\" content=\"458\" \/>\n\t<meta property=\"og:image:height\" content=\"312\" \/>\n\t<meta property=\"og:image:type\" content=\"image\/png\" \/>\n<meta name=\"author\" content=\"ADMIN-MATYS\" \/>\n<meta name=\"twitter:card\" content=\"summary_large_image\" \/>\n<meta name=\"twitter:label1\" content=\"\u00c9crit par\" \/>\n\t<meta name=\"twitter:data1\" content=\"ADMIN-MATYS\" \/>\n\t<meta name=\"twitter:label2\" content=\"Dur\u00e9e de lecture estim\u00e9e\" \/>\n\t<meta name=\"twitter:data2\" content=\"2 minutes\" \/>\n<script type=\"application\/ld+json\" class=\"yoast-schema-graph\">{\"@context\":\"https:\\\/\\\/schema.org\",\"@graph\":[{\"@type\":\"Article\",\"@id\":\"https:\\\/\\\/andre-bazin.fr\\\/gms\\\/notre-vision-du-marche-les-plats-cuisines-surgeles-en-gms-et-freezer-centers\\\/#article\",\"isPartOf\":{\"@id\":\"https:\\\/\\\/andre-bazin.fr\\\/gms\\\/notre-vision-du-marche-les-plats-cuisines-surgeles-en-gms-et-freezer-centers\\\/\"},\"author\":{\"name\":\"ADMIN-MATYS\",\"@id\":\"https:\\\/\\\/andre-bazin.fr\\\/gms\\\/#\\\/schema\\\/person\\\/82cd541b877412ec0cfb93fef797b1b3\"},\"headline\":\"Notre vision du march\u00e9: Les plats cuisin\u00e9s surgel\u00e9s en GMS et freezer centers\",\"datePublished\":\"2023-07-06T08:22:00+00:00\",\"dateModified\":\"2025-01-25T13:07:29+00:00\",\"mainEntityOfPage\":{\"@id\":\"https:\\\/\\\/andre-bazin.fr\\\/gms\\\/notre-vision-du-marche-les-plats-cuisines-surgeles-en-gms-et-freezer-centers\\\/\"},\"wordCount\":214,\"commentCount\":0,\"publisher\":{\"@id\":\"https:\\\/\\\/andre-bazin.fr\\\/gms\\\/#organization\"},\"image\":{\"@id\":\"https:\\\/\\\/andre-bazin.fr\\\/gms\\\/notre-vision-du-marche-les-plats-cuisines-surgeles-en-gms-et-freezer-centers\\\/#primaryimage\"},\"thumbnailUrl\":\"https:\\\/\\\/andre-bazin.fr\\\/gms\\\/wp-content\\\/uploads\\\/sites\\\/7\\\/2024\\\/09\\\/e5cf921096a46_media-lie.png\",\"articleSection\":[\"Vision du march\u00e9\"],\"inLanguage\":\"fr-FR\",\"potentialAction\":[{\"@type\":\"CommentAction\",\"name\":\"Comment\",\"target\":[\"https:\\\/\\\/andre-bazin.fr\\\/gms\\\/notre-vision-du-marche-les-plats-cuisines-surgeles-en-gms-et-freezer-centers\\\/#respond\"]}]},{\"@type\":\"WebPage\",\"@id\":\"https:\\\/\\\/andre-bazin.fr\\\/gms\\\/notre-vision-du-marche-les-plats-cuisines-surgeles-en-gms-et-freezer-centers\\\/\",\"url\":\"https:\\\/\\\/andre-bazin.fr\\\/gms\\\/notre-vision-du-marche-les-plats-cuisines-surgeles-en-gms-et-freezer-centers\\\/\",\"name\":\"Notre vision du march\u00e9: Les plats cuisin\u00e9s surgel\u00e9s en GMS et freezer centers - GMS - Andre Bazin - Charcuterie et Salaison\",\"isPartOf\":{\"@id\":\"https:\\\/\\\/andre-bazin.fr\\\/gms\\\/#website\"},\"primaryImageOfPage\":{\"@id\":\"https:\\\/\\\/andre-bazin.fr\\\/gms\\\/notre-vision-du-marche-les-plats-cuisines-surgeles-en-gms-et-freezer-centers\\\/#primaryimage\"},\"image\":{\"@id\":\"https:\\\/\\\/andre-bazin.fr\\\/gms\\\/notre-vision-du-marche-les-plats-cuisines-surgeles-en-gms-et-freezer-centers\\\/#primaryimage\"},\"thumbnailUrl\":\"https:\\\/\\\/andre-bazin.fr\\\/gms\\\/wp-content\\\/uploads\\\/sites\\\/7\\\/2024\\\/09\\\/e5cf921096a46_media-lie.png\",\"datePublished\":\"2023-07-06T08:22:00+00:00\",\"dateModified\":\"2025-01-25T13:07:29+00:00\",\"breadcrumb\":{\"@id\":\"https:\\\/\\\/andre-bazin.fr\\\/gms\\\/notre-vision-du-marche-les-plats-cuisines-surgeles-en-gms-et-freezer-centers\\\/#breadcrumb\"},\"inLanguage\":\"fr-FR\",\"potentialAction\":[{\"@type\":\"ReadAction\",\"target\":[\"https:\\\/\\\/andre-bazin.fr\\\/gms\\\/notre-vision-du-marche-les-plats-cuisines-surgeles-en-gms-et-freezer-centers\\\/\"]}]},{\"@type\":\"ImageObject\",\"inLanguage\":\"fr-FR\",\"@id\":\"https:\\\/\\\/andre-bazin.fr\\\/gms\\\/notre-vision-du-marche-les-plats-cuisines-surgeles-en-gms-et-freezer-centers\\\/#primaryimage\",\"url\":\"https:\\\/\\\/andre-bazin.fr\\\/gms\\\/wp-content\\\/uploads\\\/sites\\\/7\\\/2024\\\/09\\\/e5cf921096a46_media-lie.png\",\"contentUrl\":\"https:\\\/\\\/andre-bazin.fr\\\/gms\\\/wp-content\\\/uploads\\\/sites\\\/7\\\/2024\\\/09\\\/e5cf921096a46_media-lie.png\",\"width\":458,\"height\":312},{\"@type\":\"BreadcrumbList\",\"@id\":\"https:\\\/\\\/andre-bazin.fr\\\/gms\\\/notre-vision-du-marche-les-plats-cuisines-surgeles-en-gms-et-freezer-centers\\\/#breadcrumb\",\"itemListElement\":[{\"@type\":\"ListItem\",\"position\":1,\"name\":\"Accueil\",\"item\":\"https:\\\/\\\/andre-bazin.fr\\\/gms\\\/\"},{\"@type\":\"ListItem\",\"position\":2,\"name\":\"Notre vision du march\u00e9: Les plats cuisin\u00e9s surgel\u00e9s en GMS et freezer centers\"}]},{\"@type\":\"WebSite\",\"@id\":\"https:\\\/\\\/andre-bazin.fr\\\/gms\\\/#website\",\"url\":\"https:\\\/\\\/andre-bazin.fr\\\/gms\\\/\",\"name\":\"GMS - Andre Bazin - Charcuterie et Salaison\",\"description\":\"\",\"publisher\":{\"@id\":\"https:\\\/\\\/andre-bazin.fr\\\/gms\\\/#organization\"},\"potentialAction\":[{\"@type\":\"SearchAction\",\"target\":{\"@type\":\"EntryPoint\",\"urlTemplate\":\"https:\\\/\\\/andre-bazin.fr\\\/gms\\\/?s={search_term_string}\"},\"query-input\":{\"@type\":\"PropertyValueSpecification\",\"valueRequired\":true,\"valueName\":\"search_term_string\"}}],\"inLanguage\":\"fr-FR\"},{\"@type\":\"Organization\",\"@id\":\"https:\\\/\\\/andre-bazin.fr\\\/gms\\\/#organization\",\"name\":\"GMS - Andre Bazin - Charcuterie et Salaison\",\"url\":\"https:\\\/\\\/andre-bazin.fr\\\/gms\\\/\",\"logo\":{\"@type\":\"ImageObject\",\"inLanguage\":\"fr-FR\",\"@id\":\"https:\\\/\\\/andre-bazin.fr\\\/gms\\\/#\\\/schema\\\/logo\\\/image\\\/\",\"url\":\"https:\\\/\\\/andre-bazin.fr\\\/gms\\\/wp-content\\\/uploads\\\/sites\\\/7\\\/2024\\\/05\\\/LOGO_ANDRE_BAZIN-HD.png\",\"contentUrl\":\"https:\\\/\\\/andre-bazin.fr\\\/gms\\\/wp-content\\\/uploads\\\/sites\\\/7\\\/2024\\\/05\\\/LOGO_ANDRE_BAZIN-HD.png\",\"width\":1515,\"height\":660,\"caption\":\"GMS - Andre Bazin - Charcuterie et Salaison\"},\"image\":{\"@id\":\"https:\\\/\\\/andre-bazin.fr\\\/gms\\\/#\\\/schema\\\/logo\\\/image\\\/\"}},{\"@type\":\"Person\",\"@id\":\"https:\\\/\\\/andre-bazin.fr\\\/gms\\\/#\\\/schema\\\/person\\\/82cd541b877412ec0cfb93fef797b1b3\",\"name\":\"ADMIN-MATYS\",\"image\":{\"@type\":\"ImageObject\",\"inLanguage\":\"fr-FR\",\"@id\":\"https:\\\/\\\/secure.gravatar.com\\\/avatar\\\/c0bbad5d93fd6efa16fe7a86b56222ca1a92685fe5ae89bce4ac1db263e23a47?s=96&d=mm&r=g\",\"url\":\"https:\\\/\\\/secure.gravatar.com\\\/avatar\\\/c0bbad5d93fd6efa16fe7a86b56222ca1a92685fe5ae89bce4ac1db263e23a47?s=96&d=mm&r=g\",\"contentUrl\":\"https:\\\/\\\/secure.gravatar.com\\\/avatar\\\/c0bbad5d93fd6efa16fe7a86b56222ca1a92685fe5ae89bce4ac1db263e23a47?s=96&d=mm&r=g\",\"caption\":\"ADMIN-MATYS\"},\"url\":\"https:\\\/\\\/andre-bazin.fr\\\/gms\\\/author\\\/admin-matys\\\/\"}]}<\/script>\n<!-- \/ Yoast SEO plugin. -->","yoast_head_json":{"title":"Notre vision du march\u00e9: Les plats cuisin\u00e9s surgel\u00e9s en GMS et freezer centers - GMS - Andre Bazin - Charcuterie et Salaison","robots":{"index":"index","follow":"follow","max-snippet":"max-snippet:-1","max-image-preview":"max-image-preview:large","max-video-preview":"max-video-preview:-1"},"canonical":"https:\/\/andre-bazin.fr\/gms\/notre-vision-du-marche-les-plats-cuisines-surgeles-en-gms-et-freezer-centers\/","og_locale":"fr_FR","og_type":"article","og_title":"Notre vision du march\u00e9: Les plats cuisin\u00e9s surgel\u00e9s en GMS et freezer centers - GMS - Andre Bazin - Charcuterie et Salaison","og_description":"Leader du PAI en France, la soci\u00e9t\u00e9 Andr\u00e9 Bazin s\u2019appuie sur son exp\u00e9rience et son expertise pour offrir \u00e0 ses clients des produits \u00e0 fa\u00e7on et de qualit\u00e9 adapt\u00e9s aux exigences des industriels. Pour mieux nous adapter au march\u00e9 et pour vous apporter des solutions sur mesure pour vos projets, nous vous proposons des analyses [&hellip;]","og_url":"https:\/\/andre-bazin.fr\/gms\/notre-vision-du-marche-les-plats-cuisines-surgeles-en-gms-et-freezer-centers\/","og_site_name":"GMS - Andre Bazin - Charcuterie et Salaison","article_published_time":"2023-07-06T08:22:00+00:00","article_modified_time":"2025-01-25T13:07:29+00:00","og_image":[{"width":458,"height":312,"url":"https:\/\/andre-bazin.fr\/gms\/wp-content\/uploads\/sites\/7\/2024\/09\/e5cf921096a46_media-lie.png","type":"image\/png"}],"author":"ADMIN-MATYS","twitter_card":"summary_large_image","twitter_misc":{"\u00c9crit par":"ADMIN-MATYS","Dur\u00e9e de lecture estim\u00e9e":"2 minutes"},"schema":{"@context":"https:\/\/schema.org","@graph":[{"@type":"Article","@id":"https:\/\/andre-bazin.fr\/gms\/notre-vision-du-marche-les-plats-cuisines-surgeles-en-gms-et-freezer-centers\/#article","isPartOf":{"@id":"https:\/\/andre-bazin.fr\/gms\/notre-vision-du-marche-les-plats-cuisines-surgeles-en-gms-et-freezer-centers\/"},"author":{"name":"ADMIN-MATYS","@id":"https:\/\/andre-bazin.fr\/gms\/#\/schema\/person\/82cd541b877412ec0cfb93fef797b1b3"},"headline":"Notre vision du march\u00e9: Les plats cuisin\u00e9s surgel\u00e9s en GMS et freezer centers","datePublished":"2023-07-06T08:22:00+00:00","dateModified":"2025-01-25T13:07:29+00:00","mainEntityOfPage":{"@id":"https:\/\/andre-bazin.fr\/gms\/notre-vision-du-marche-les-plats-cuisines-surgeles-en-gms-et-freezer-centers\/"},"wordCount":214,"commentCount":0,"publisher":{"@id":"https:\/\/andre-bazin.fr\/gms\/#organization"},"image":{"@id":"https:\/\/andre-bazin.fr\/gms\/notre-vision-du-marche-les-plats-cuisines-surgeles-en-gms-et-freezer-centers\/#primaryimage"},"thumbnailUrl":"https:\/\/andre-bazin.fr\/gms\/wp-content\/uploads\/sites\/7\/2024\/09\/e5cf921096a46_media-lie.png","articleSection":["Vision du march\u00e9"],"inLanguage":"fr-FR","potentialAction":[{"@type":"CommentAction","name":"Comment","target":["https:\/\/andre-bazin.fr\/gms\/notre-vision-du-marche-les-plats-cuisines-surgeles-en-gms-et-freezer-centers\/#respond"]}]},{"@type":"WebPage","@id":"https:\/\/andre-bazin.fr\/gms\/notre-vision-du-marche-les-plats-cuisines-surgeles-en-gms-et-freezer-centers\/","url":"https:\/\/andre-bazin.fr\/gms\/notre-vision-du-marche-les-plats-cuisines-surgeles-en-gms-et-freezer-centers\/","name":"Notre vision du march\u00e9: Les plats cuisin\u00e9s surgel\u00e9s en GMS et freezer centers - GMS - Andre Bazin - Charcuterie et Salaison","isPartOf":{"@id":"https:\/\/andre-bazin.fr\/gms\/#website"},"primaryImageOfPage":{"@id":"https:\/\/andre-bazin.fr\/gms\/notre-vision-du-marche-les-plats-cuisines-surgeles-en-gms-et-freezer-centers\/#primaryimage"},"image":{"@id":"https:\/\/andre-bazin.fr\/gms\/notre-vision-du-marche-les-plats-cuisines-surgeles-en-gms-et-freezer-centers\/#primaryimage"},"thumbnailUrl":"https:\/\/andre-bazin.fr\/gms\/wp-content\/uploads\/sites\/7\/2024\/09\/e5cf921096a46_media-lie.png","datePublished":"2023-07-06T08:22:00+00:00","dateModified":"2025-01-25T13:07:29+00:00","breadcrumb":{"@id":"https:\/\/andre-bazin.fr\/gms\/notre-vision-du-marche-les-plats-cuisines-surgeles-en-gms-et-freezer-centers\/#breadcrumb"},"inLanguage":"fr-FR","potentialAction":[{"@type":"ReadAction","target":["https:\/\/andre-bazin.fr\/gms\/notre-vision-du-marche-les-plats-cuisines-surgeles-en-gms-et-freezer-centers\/"]}]},{"@type":"ImageObject","inLanguage":"fr-FR","@id":"https:\/\/andre-bazin.fr\/gms\/notre-vision-du-marche-les-plats-cuisines-surgeles-en-gms-et-freezer-centers\/#primaryimage","url":"https:\/\/andre-bazin.fr\/gms\/wp-content\/uploads\/sites\/7\/2024\/09\/e5cf921096a46_media-lie.png","contentUrl":"https:\/\/andre-bazin.fr\/gms\/wp-content\/uploads\/sites\/7\/2024\/09\/e5cf921096a46_media-lie.png","width":458,"height":312},{"@type":"BreadcrumbList","@id":"https:\/\/andre-bazin.fr\/gms\/notre-vision-du-marche-les-plats-cuisines-surgeles-en-gms-et-freezer-centers\/#breadcrumb","itemListElement":[{"@type":"ListItem","position":1,"name":"Accueil","item":"https:\/\/andre-bazin.fr\/gms\/"},{"@type":"ListItem","position":2,"name":"Notre vision du march\u00e9: Les plats cuisin\u00e9s surgel\u00e9s en GMS et freezer centers"}]},{"@type":"WebSite","@id":"https:\/\/andre-bazin.fr\/gms\/#website","url":"https:\/\/andre-bazin.fr\/gms\/","name":"GMS - Andre Bazin - Charcuterie et Salaison","description":"","publisher":{"@id":"https:\/\/andre-bazin.fr\/gms\/#organization"},"potentialAction":[{"@type":"SearchAction","target":{"@type":"EntryPoint","urlTemplate":"https:\/\/andre-bazin.fr\/gms\/?s={search_term_string}"},"query-input":{"@type":"PropertyValueSpecification","valueRequired":true,"valueName":"search_term_string"}}],"inLanguage":"fr-FR"},{"@type":"Organization","@id":"https:\/\/andre-bazin.fr\/gms\/#organization","name":"GMS - Andre Bazin - Charcuterie et Salaison","url":"https:\/\/andre-bazin.fr\/gms\/","logo":{"@type":"ImageObject","inLanguage":"fr-FR","@id":"https:\/\/andre-bazin.fr\/gms\/#\/schema\/logo\/image\/","url":"https:\/\/andre-bazin.fr\/gms\/wp-content\/uploads\/sites\/7\/2024\/05\/LOGO_ANDRE_BAZIN-HD.png","contentUrl":"https:\/\/andre-bazin.fr\/gms\/wp-content\/uploads\/sites\/7\/2024\/05\/LOGO_ANDRE_BAZIN-HD.png","width":1515,"height":660,"caption":"GMS - Andre Bazin - Charcuterie et Salaison"},"image":{"@id":"https:\/\/andre-bazin.fr\/gms\/#\/schema\/logo\/image\/"}},{"@type":"Person","@id":"https:\/\/andre-bazin.fr\/gms\/#\/schema\/person\/82cd541b877412ec0cfb93fef797b1b3","name":"ADMIN-MATYS","image":{"@type":"ImageObject","inLanguage":"fr-FR","@id":"https:\/\/secure.gravatar.com\/avatar\/c0bbad5d93fd6efa16fe7a86b56222ca1a92685fe5ae89bce4ac1db263e23a47?s=96&d=mm&r=g","url":"https:\/\/secure.gravatar.com\/avatar\/c0bbad5d93fd6efa16fe7a86b56222ca1a92685fe5ae89bce4ac1db263e23a47?s=96&d=mm&r=g","contentUrl":"https:\/\/secure.gravatar.com\/avatar\/c0bbad5d93fd6efa16fe7a86b56222ca1a92685fe5ae89bce4ac1db263e23a47?s=96&d=mm&r=g","caption":"ADMIN-MATYS"},"url":"https:\/\/andre-bazin.fr\/gms\/author\/admin-matys\/"}]}},"gt_translate_keys":[{"key":"link","format":"url"}],"_links":{"self":[{"href":"https:\/\/andre-bazin.fr\/gms\/wp-json\/wp\/v2\/posts\/2998","targetHints":{"allow":["GET"]}}],"collection":[{"href":"https:\/\/andre-bazin.fr\/gms\/wp-json\/wp\/v2\/posts"}],"about":[{"href":"https:\/\/andre-bazin.fr\/gms\/wp-json\/wp\/v2\/types\/post"}],"author":[{"embeddable":true,"href":"https:\/\/andre-bazin.fr\/gms\/wp-json\/wp\/v2\/users\/2"}],"replies":[{"embeddable":true,"href":"https:\/\/andre-bazin.fr\/gms\/wp-json\/wp\/v2\/comments?post=2998"}],"version-history":[{"count":1,"href":"https:\/\/andre-bazin.fr\/gms\/wp-json\/wp\/v2\/posts\/2998\/revisions"}],"predecessor-version":[{"id":3001,"href":"https:\/\/andre-bazin.fr\/gms\/wp-json\/wp\/v2\/posts\/2998\/revisions\/3001"}],"wp:featuredmedia":[{"embeddable":true,"href":"https:\/\/andre-bazin.fr\/gms\/wp-json\/wp\/v2\/media\/3000"}],"wp:attachment":[{"href":"https:\/\/andre-bazin.fr\/gms\/wp-json\/wp\/v2\/media?parent=2998"}],"wp:term":[{"taxonomy":"category","embeddable":true,"href":"https:\/\/andre-bazin.fr\/gms\/wp-json\/wp\/v2\/categories?post=2998"},{"taxonomy":"post_tag","embeddable":true,"href":"https:\/\/andre-bazin.fr\/gms\/wp-json\/wp\/v2\/tags?post=2998"}],"curies":[{"name":"wp","href":"https:\/\/api.w.org\/{rel}","templated":true}]}}