{"id":3007,"date":"2023-04-27T08:29:00","date_gmt":"2023-04-27T08:29:00","guid":{"rendered":"https:\/\/andre-bazin.fr\/pai\/?p=3007"},"modified":"2025-01-21T18:16:05","modified_gmt":"2025-01-21T18:16:05","slug":"andre-bazin-present-au-salon-du-plma-2023-a-amsterdam","status":"publish","type":"post","link":"https:\/\/andre-bazin.fr\/pai\/andre-bazin-present-au-salon-du-plma-2023-a-amsterdam\/","title":{"rendered":"Andr\u00e9 Bazin pr\u00e9sent au salon du PLMA 2023 \u00e0 Amsterdam","gt_translate_keys":[{"key":"rendered","format":"text"}]},"content":{"rendered":"\n<p>Cette ann\u00e9e encore, la soci\u00e9t\u00e9 Andr\u00e9 Bazin sera pr\u00e9sente au salon du PLMA 2023 du 23 au 24 Mai au RAI Exhibition Centre \u00e0 Amsterdam.<\/p>\n\n\n\n<p>Venez d\u00e9couvrir les solutions Andr\u00e9 Bazin sur notre stand !<\/p>\n\n\n\n<p>Nous vous accompagnerons dans tous vos projets gr\u00e2ce \u00e0 notre expertise, notre engagement et nos solutions sur mesure. Cette ann\u00e9e encore, la PLMA sera l&rsquo;occasion de pr\u00e9senter notre derni\u00e8re innovation : la Merguez V\u00e9g\u00e9tale tranch\u00e9e sans allerg\u00e8ne.<\/p>\n\n\n\n<p><\/p>\n\n\n\n<p>Avantages :<\/p>\n\n\n\n<ul class=\"wp-block-list\">\n<li>Des solutions sur mesure<\/li>\n\n\n\n<li>Innovation pour la GMS, la restauration et les industriels<\/li>\n\n\n\n<li>Ce produit a \u00e9t\u00e9 d\u00e9velopp\u00e9 en raison du nombre croissant de consommateurs flexitariens et vegans.<\/li>\n\n\n\n<li>Jeune g\u00e9n\u00e9ration de consommateurs impliqu\u00e9s dans des questions \u00e9cologiques, \u00e9thiques ou de sant\u00e9<\/li>\n\n\n\n<li>Bonnes propri\u00e9t\u00e9s organoleptiques<\/li>\n\n\n\n<li>Peut \u00eatre utilis\u00e9 dans n&rsquo;importe quel plat et en particulier sur une pizza<\/li>\n\n\n\n<li>Le bon substitut en termes de go\u00fbt et de texture \u00e0 une merguez traditionnelle \u00e0 base de viande.<\/li>\n\n\n\n<li>Merguez v\u00e9g\u00e9taliennes tranch\u00e9es faciles \u00e0 utiliser froides ou chaudes dans une salade, un taboul\u00e9, un couscous, des p\u00e2tes, du quinoa&#8230;<\/li>\n<\/ul>\n\n\n\n<p>Informations pratiques du salon:<br>&#8211; Du 23 au 24 mai 2023<br>&#8211; RAI Exhibition Centre Amsterdam<br><strong>&#8211; Stand 3A.16<\/strong><\/p>\n","protected":false,"gt_translate_keys":[{"key":"rendered","format":"html"}]},"excerpt":{"rendered":"<p>Cette ann\u00e9e encore, la soci\u00e9t\u00e9 Andr\u00e9 Bazin sera pr\u00e9sente au salon du PLMA 2023 du 23 au 24 Mai au RAI Exhibition Centre \u00e0 Amsterdam. Venez d\u00e9couvrir les solutions Andr\u00e9 Bazin sur notre stand ! Nous vous accompagnerons dans tous vos projets gr\u00e2ce \u00e0 notre expertise, notre engagement et nos solutions sur mesure. Cette ann\u00e9e [&hellip;]<\/p>\n","protected":false,"gt_translate_keys":[{"key":"rendered","format":"html"}]},"author":2,"featured_media":3008,"comment_status":"open","ping_status":"open","sticky":false,"template":"","format":"standard","meta":{"footnotes":""},"categories":[56],"tags":[],"class_list":["post-3007","post","type-post","status-publish","format-standard","has-post-thumbnail","hentry","category-salon"],"yoast_head":"<!-- This site is optimized with the Yoast SEO plugin v27.3 - https:\/\/yoast.com\/product\/yoast-seo-wordpress\/ -->\n<title>Andr\u00e9 Bazin pr\u00e9sent au salon du PLMA 2023 \u00e0 Amsterdam - PAI - Andr\u00e9 Bazin - Charcuterie et Salaison<\/title>\n<meta name=\"robots\" content=\"index, follow, max-snippet:-1, max-image-preview:large, max-video-preview:-1\" \/>\n<link rel=\"canonical\" href=\"https:\/\/andre-bazin.fr\/pai\/andre-bazin-present-au-salon-du-plma-2023-a-amsterdam\/\" \/>\n<meta property=\"og:locale\" content=\"fr_FR\" \/>\n<meta property=\"og:type\" content=\"article\" \/>\n<meta property=\"og:title\" content=\"Andr\u00e9 Bazin pr\u00e9sent au salon du PLMA 2023 \u00e0 Amsterdam - PAI - Andr\u00e9 Bazin - Charcuterie et Salaison\" \/>\n<meta property=\"og:description\" content=\"Cette ann\u00e9e encore, la soci\u00e9t\u00e9 Andr\u00e9 Bazin sera pr\u00e9sente au salon du PLMA 2023 du 23 au 24 Mai au RAI Exhibition Centre \u00e0 Amsterdam. Venez d\u00e9couvrir les solutions Andr\u00e9 Bazin sur notre stand ! Nous vous accompagnerons dans tous vos projets gr\u00e2ce \u00e0 notre expertise, notre engagement et nos solutions sur mesure. Cette ann\u00e9e [&hellip;]\" \/>\n<meta property=\"og:url\" content=\"https:\/\/andre-bazin.fr\/pai\/andre-bazin-present-au-salon-du-plma-2023-a-amsterdam\/\" \/>\n<meta property=\"og:site_name\" content=\"PAI - Andr\u00e9 Bazin - Charcuterie et Salaison\" \/>\n<meta property=\"article:published_time\" content=\"2023-04-27T08:29:00+00:00\" \/>\n<meta property=\"article:modified_time\" content=\"2025-01-21T18:16:05+00:00\" \/>\n<meta property=\"og:image\" content=\"https:\/\/andre-bazin.fr\/pai\/wp-content\/uploads\/sites\/6\/2024\/09\/bf9518c65a446_photo-merguez-pour-mailing.jpg\" \/>\n\t<meta property=\"og:image:width\" content=\"1920\" \/>\n\t<meta property=\"og:image:height\" content=\"1724\" \/>\n\t<meta property=\"og:image:type\" content=\"image\/jpeg\" \/>\n<meta name=\"author\" content=\"ADMIN-MATYS\" \/>\n<meta name=\"twitter:card\" content=\"summary_large_image\" \/>\n<meta name=\"twitter:label1\" content=\"\u00c9crit par\" \/>\n\t<meta name=\"twitter:data1\" content=\"ADMIN-MATYS\" \/>\n\t<meta name=\"twitter:label2\" content=\"Dur\u00e9e de lecture estim\u00e9e\" \/>\n\t<meta name=\"twitter:data2\" content=\"2 minutes\" \/>\n<script type=\"application\/ld+json\" class=\"yoast-schema-graph\">{\"@context\":\"https:\\\/\\\/schema.org\",\"@graph\":[{\"@type\":\"Article\",\"@id\":\"https:\\\/\\\/andre-bazin.fr\\\/pai\\\/andre-bazin-present-au-salon-du-plma-2023-a-amsterdam\\\/#article\",\"isPartOf\":{\"@id\":\"https:\\\/\\\/andre-bazin.fr\\\/pai\\\/andre-bazin-present-au-salon-du-plma-2023-a-amsterdam\\\/\"},\"author\":{\"name\":\"ADMIN-MATYS\",\"@id\":\"https:\\\/\\\/andre-bazin.fr\\\/pai\\\/#\\\/schema\\\/person\\\/82cd541b877412ec0cfb93fef797b1b3\"},\"headline\":\"Andr\u00e9 Bazin pr\u00e9sent au salon du PLMA 2023 \u00e0 Amsterdam\",\"datePublished\":\"2023-04-27T08:29:00+00:00\",\"dateModified\":\"2025-01-21T18:16:05+00:00\",\"mainEntityOfPage\":{\"@id\":\"https:\\\/\\\/andre-bazin.fr\\\/pai\\\/andre-bazin-present-au-salon-du-plma-2023-a-amsterdam\\\/\"},\"wordCount\":208,\"commentCount\":0,\"publisher\":{\"@id\":\"https:\\\/\\\/andre-bazin.fr\\\/pai\\\/#organization\"},\"image\":{\"@id\":\"https:\\\/\\\/andre-bazin.fr\\\/pai\\\/andre-bazin-present-au-salon-du-plma-2023-a-amsterdam\\\/#primaryimage\"},\"thumbnailUrl\":\"https:\\\/\\\/andre-bazin.fr\\\/pai\\\/wp-content\\\/uploads\\\/sites\\\/6\\\/2024\\\/09\\\/bf9518c65a446_photo-merguez-pour-mailing.jpg\",\"articleSection\":[\"Salon\"],\"inLanguage\":\"fr-FR\",\"potentialAction\":[{\"@type\":\"CommentAction\",\"name\":\"Comment\",\"target\":[\"https:\\\/\\\/andre-bazin.fr\\\/pai\\\/andre-bazin-present-au-salon-du-plma-2023-a-amsterdam\\\/#respond\"]}]},{\"@type\":\"WebPage\",\"@id\":\"https:\\\/\\\/andre-bazin.fr\\\/pai\\\/andre-bazin-present-au-salon-du-plma-2023-a-amsterdam\\\/\",\"url\":\"https:\\\/\\\/andre-bazin.fr\\\/pai\\\/andre-bazin-present-au-salon-du-plma-2023-a-amsterdam\\\/\",\"name\":\"Andr\u00e9 Bazin pr\u00e9sent au salon du PLMA 2023 \u00e0 Amsterdam - PAI - Andr\u00e9 Bazin - Charcuterie et Salaison\",\"isPartOf\":{\"@id\":\"https:\\\/\\\/andre-bazin.fr\\\/pai\\\/#website\"},\"primaryImageOfPage\":{\"@id\":\"https:\\\/\\\/andre-bazin.fr\\\/pai\\\/andre-bazin-present-au-salon-du-plma-2023-a-amsterdam\\\/#primaryimage\"},\"image\":{\"@id\":\"https:\\\/\\\/andre-bazin.fr\\\/pai\\\/andre-bazin-present-au-salon-du-plma-2023-a-amsterdam\\\/#primaryimage\"},\"thumbnailUrl\":\"https:\\\/\\\/andre-bazin.fr\\\/pai\\\/wp-content\\\/uploads\\\/sites\\\/6\\\/2024\\\/09\\\/bf9518c65a446_photo-merguez-pour-mailing.jpg\",\"datePublished\":\"2023-04-27T08:29:00+00:00\",\"dateModified\":\"2025-01-21T18:16:05+00:00\",\"breadcrumb\":{\"@id\":\"https:\\\/\\\/andre-bazin.fr\\\/pai\\\/andre-bazin-present-au-salon-du-plma-2023-a-amsterdam\\\/#breadcrumb\"},\"inLanguage\":\"fr-FR\",\"potentialAction\":[{\"@type\":\"ReadAction\",\"target\":[\"https:\\\/\\\/andre-bazin.fr\\\/pai\\\/andre-bazin-present-au-salon-du-plma-2023-a-amsterdam\\\/\"]}]},{\"@type\":\"ImageObject\",\"inLanguage\":\"fr-FR\",\"@id\":\"https:\\\/\\\/andre-bazin.fr\\\/pai\\\/andre-bazin-present-au-salon-du-plma-2023-a-amsterdam\\\/#primaryimage\",\"url\":\"https:\\\/\\\/andre-bazin.fr\\\/pai\\\/wp-content\\\/uploads\\\/sites\\\/6\\\/2024\\\/09\\\/bf9518c65a446_photo-merguez-pour-mailing.jpg\",\"contentUrl\":\"https:\\\/\\\/andre-bazin.fr\\\/pai\\\/wp-content\\\/uploads\\\/sites\\\/6\\\/2024\\\/09\\\/bf9518c65a446_photo-merguez-pour-mailing.jpg\",\"width\":1920,\"height\":1724},{\"@type\":\"BreadcrumbList\",\"@id\":\"https:\\\/\\\/andre-bazin.fr\\\/pai\\\/andre-bazin-present-au-salon-du-plma-2023-a-amsterdam\\\/#breadcrumb\",\"itemListElement\":[{\"@type\":\"ListItem\",\"position\":1,\"name\":\"Accueil\",\"item\":\"https:\\\/\\\/andre-bazin.fr\\\/pai\\\/\"},{\"@type\":\"ListItem\",\"position\":2,\"name\":\"Andr\u00e9 Bazin pr\u00e9sent au salon du PLMA 2023 \u00e0 Amsterdam\"}]},{\"@type\":\"WebSite\",\"@id\":\"https:\\\/\\\/andre-bazin.fr\\\/pai\\\/#website\",\"url\":\"https:\\\/\\\/andre-bazin.fr\\\/pai\\\/\",\"name\":\"PAI - Andr\u00e9 Bazin - Charcuterie et Salaison\",\"description\":\"\",\"publisher\":{\"@id\":\"https:\\\/\\\/andre-bazin.fr\\\/pai\\\/#organization\"},\"potentialAction\":[{\"@type\":\"SearchAction\",\"target\":{\"@type\":\"EntryPoint\",\"urlTemplate\":\"https:\\\/\\\/andre-bazin.fr\\\/pai\\\/?s={search_term_string}\"},\"query-input\":{\"@type\":\"PropertyValueSpecification\",\"valueRequired\":true,\"valueName\":\"search_term_string\"}}],\"inLanguage\":\"fr-FR\"},{\"@type\":\"Organization\",\"@id\":\"https:\\\/\\\/andre-bazin.fr\\\/pai\\\/#organization\",\"name\":\"PAI - Andr\u00e9 Bazin - Charcuterie et Salaison\",\"url\":\"https:\\\/\\\/andre-bazin.fr\\\/pai\\\/\",\"logo\":{\"@type\":\"ImageObject\",\"inLanguage\":\"fr-FR\",\"@id\":\"https:\\\/\\\/andre-bazin.fr\\\/pai\\\/#\\\/schema\\\/logo\\\/image\\\/\",\"url\":\"https:\\\/\\\/andre-bazin.fr\\\/pai\\\/wp-content\\\/uploads\\\/sites\\\/6\\\/2024\\\/05\\\/LOGO_ANDRE_BAZIN-HD.png\",\"contentUrl\":\"https:\\\/\\\/andre-bazin.fr\\\/pai\\\/wp-content\\\/uploads\\\/sites\\\/6\\\/2024\\\/05\\\/LOGO_ANDRE_BAZIN-HD.png\",\"width\":1515,\"height\":660,\"caption\":\"PAI - Andr\u00e9 Bazin - Charcuterie et Salaison\"},\"image\":{\"@id\":\"https:\\\/\\\/andre-bazin.fr\\\/pai\\\/#\\\/schema\\\/logo\\\/image\\\/\"}},{\"@type\":\"Person\",\"@id\":\"https:\\\/\\\/andre-bazin.fr\\\/pai\\\/#\\\/schema\\\/person\\\/82cd541b877412ec0cfb93fef797b1b3\",\"name\":\"ADMIN-MATYS\",\"image\":{\"@type\":\"ImageObject\",\"inLanguage\":\"fr-FR\",\"@id\":\"https:\\\/\\\/secure.gravatar.com\\\/avatar\\\/c0bbad5d93fd6efa16fe7a86b56222ca1a92685fe5ae89bce4ac1db263e23a47?s=96&d=mm&r=g\",\"url\":\"https:\\\/\\\/secure.gravatar.com\\\/avatar\\\/c0bbad5d93fd6efa16fe7a86b56222ca1a92685fe5ae89bce4ac1db263e23a47?s=96&d=mm&r=g\",\"contentUrl\":\"https:\\\/\\\/secure.gravatar.com\\\/avatar\\\/c0bbad5d93fd6efa16fe7a86b56222ca1a92685fe5ae89bce4ac1db263e23a47?s=96&d=mm&r=g\",\"caption\":\"ADMIN-MATYS\"},\"url\":\"https:\\\/\\\/andre-bazin.fr\\\/pai\\\/author\\\/admin-matys\\\/\"}]}<\/script>\n<!-- \/ Yoast SEO plugin. -->","yoast_head_json":{"title":"Andr\u00e9 Bazin pr\u00e9sent au salon du PLMA 2023 \u00e0 Amsterdam - PAI - Andr\u00e9 Bazin - Charcuterie et Salaison","robots":{"index":"index","follow":"follow","max-snippet":"max-snippet:-1","max-image-preview":"max-image-preview:large","max-video-preview":"max-video-preview:-1"},"canonical":"https:\/\/andre-bazin.fr\/pai\/andre-bazin-present-au-salon-du-plma-2023-a-amsterdam\/","og_locale":"fr_FR","og_type":"article","og_title":"Andr\u00e9 Bazin pr\u00e9sent au salon du PLMA 2023 \u00e0 Amsterdam - PAI - Andr\u00e9 Bazin - Charcuterie et Salaison","og_description":"Cette ann\u00e9e encore, la soci\u00e9t\u00e9 Andr\u00e9 Bazin sera pr\u00e9sente au salon du PLMA 2023 du 23 au 24 Mai au RAI Exhibition Centre \u00e0 Amsterdam. Venez d\u00e9couvrir les solutions Andr\u00e9 Bazin sur notre stand ! Nous vous accompagnerons dans tous vos projets gr\u00e2ce \u00e0 notre expertise, notre engagement et nos solutions sur mesure. Cette ann\u00e9e [&hellip;]","og_url":"https:\/\/andre-bazin.fr\/pai\/andre-bazin-present-au-salon-du-plma-2023-a-amsterdam\/","og_site_name":"PAI - Andr\u00e9 Bazin - Charcuterie et Salaison","article_published_time":"2023-04-27T08:29:00+00:00","article_modified_time":"2025-01-21T18:16:05+00:00","og_image":[{"width":1920,"height":1724,"url":"https:\/\/andre-bazin.fr\/pai\/wp-content\/uploads\/sites\/6\/2024\/09\/bf9518c65a446_photo-merguez-pour-mailing.jpg","type":"image\/jpeg"}],"author":"ADMIN-MATYS","twitter_card":"summary_large_image","twitter_misc":{"\u00c9crit par":"ADMIN-MATYS","Dur\u00e9e de lecture estim\u00e9e":"2 minutes"},"schema":{"@context":"https:\/\/schema.org","@graph":[{"@type":"Article","@id":"https:\/\/andre-bazin.fr\/pai\/andre-bazin-present-au-salon-du-plma-2023-a-amsterdam\/#article","isPartOf":{"@id":"https:\/\/andre-bazin.fr\/pai\/andre-bazin-present-au-salon-du-plma-2023-a-amsterdam\/"},"author":{"name":"ADMIN-MATYS","@id":"https:\/\/andre-bazin.fr\/pai\/#\/schema\/person\/82cd541b877412ec0cfb93fef797b1b3"},"headline":"Andr\u00e9 Bazin pr\u00e9sent au salon du PLMA 2023 \u00e0 Amsterdam","datePublished":"2023-04-27T08:29:00+00:00","dateModified":"2025-01-21T18:16:05+00:00","mainEntityOfPage":{"@id":"https:\/\/andre-bazin.fr\/pai\/andre-bazin-present-au-salon-du-plma-2023-a-amsterdam\/"},"wordCount":208,"commentCount":0,"publisher":{"@id":"https:\/\/andre-bazin.fr\/pai\/#organization"},"image":{"@id":"https:\/\/andre-bazin.fr\/pai\/andre-bazin-present-au-salon-du-plma-2023-a-amsterdam\/#primaryimage"},"thumbnailUrl":"https:\/\/andre-bazin.fr\/pai\/wp-content\/uploads\/sites\/6\/2024\/09\/bf9518c65a446_photo-merguez-pour-mailing.jpg","articleSection":["Salon"],"inLanguage":"fr-FR","potentialAction":[{"@type":"CommentAction","name":"Comment","target":["https:\/\/andre-bazin.fr\/pai\/andre-bazin-present-au-salon-du-plma-2023-a-amsterdam\/#respond"]}]},{"@type":"WebPage","@id":"https:\/\/andre-bazin.fr\/pai\/andre-bazin-present-au-salon-du-plma-2023-a-amsterdam\/","url":"https:\/\/andre-bazin.fr\/pai\/andre-bazin-present-au-salon-du-plma-2023-a-amsterdam\/","name":"Andr\u00e9 Bazin pr\u00e9sent au salon du PLMA 2023 \u00e0 Amsterdam - PAI - Andr\u00e9 Bazin - Charcuterie et Salaison","isPartOf":{"@id":"https:\/\/andre-bazin.fr\/pai\/#website"},"primaryImageOfPage":{"@id":"https:\/\/andre-bazin.fr\/pai\/andre-bazin-present-au-salon-du-plma-2023-a-amsterdam\/#primaryimage"},"image":{"@id":"https:\/\/andre-bazin.fr\/pai\/andre-bazin-present-au-salon-du-plma-2023-a-amsterdam\/#primaryimage"},"thumbnailUrl":"https:\/\/andre-bazin.fr\/pai\/wp-content\/uploads\/sites\/6\/2024\/09\/bf9518c65a446_photo-merguez-pour-mailing.jpg","datePublished":"2023-04-27T08:29:00+00:00","dateModified":"2025-01-21T18:16:05+00:00","breadcrumb":{"@id":"https:\/\/andre-bazin.fr\/pai\/andre-bazin-present-au-salon-du-plma-2023-a-amsterdam\/#breadcrumb"},"inLanguage":"fr-FR","potentialAction":[{"@type":"ReadAction","target":["https:\/\/andre-bazin.fr\/pai\/andre-bazin-present-au-salon-du-plma-2023-a-amsterdam\/"]}]},{"@type":"ImageObject","inLanguage":"fr-FR","@id":"https:\/\/andre-bazin.fr\/pai\/andre-bazin-present-au-salon-du-plma-2023-a-amsterdam\/#primaryimage","url":"https:\/\/andre-bazin.fr\/pai\/wp-content\/uploads\/sites\/6\/2024\/09\/bf9518c65a446_photo-merguez-pour-mailing.jpg","contentUrl":"https:\/\/andre-bazin.fr\/pai\/wp-content\/uploads\/sites\/6\/2024\/09\/bf9518c65a446_photo-merguez-pour-mailing.jpg","width":1920,"height":1724},{"@type":"BreadcrumbList","@id":"https:\/\/andre-bazin.fr\/pai\/andre-bazin-present-au-salon-du-plma-2023-a-amsterdam\/#breadcrumb","itemListElement":[{"@type":"ListItem","position":1,"name":"Accueil","item":"https:\/\/andre-bazin.fr\/pai\/"},{"@type":"ListItem","position":2,"name":"Andr\u00e9 Bazin pr\u00e9sent au salon du PLMA 2023 \u00e0 Amsterdam"}]},{"@type":"WebSite","@id":"https:\/\/andre-bazin.fr\/pai\/#website","url":"https:\/\/andre-bazin.fr\/pai\/","name":"PAI - Andr\u00e9 Bazin - Charcuterie et Salaison","description":"","publisher":{"@id":"https:\/\/andre-bazin.fr\/pai\/#organization"},"potentialAction":[{"@type":"SearchAction","target":{"@type":"EntryPoint","urlTemplate":"https:\/\/andre-bazin.fr\/pai\/?s={search_term_string}"},"query-input":{"@type":"PropertyValueSpecification","valueRequired":true,"valueName":"search_term_string"}}],"inLanguage":"fr-FR"},{"@type":"Organization","@id":"https:\/\/andre-bazin.fr\/pai\/#organization","name":"PAI - Andr\u00e9 Bazin - Charcuterie et Salaison","url":"https:\/\/andre-bazin.fr\/pai\/","logo":{"@type":"ImageObject","inLanguage":"fr-FR","@id":"https:\/\/andre-bazin.fr\/pai\/#\/schema\/logo\/image\/","url":"https:\/\/andre-bazin.fr\/pai\/wp-content\/uploads\/sites\/6\/2024\/05\/LOGO_ANDRE_BAZIN-HD.png","contentUrl":"https:\/\/andre-bazin.fr\/pai\/wp-content\/uploads\/sites\/6\/2024\/05\/LOGO_ANDRE_BAZIN-HD.png","width":1515,"height":660,"caption":"PAI - Andr\u00e9 Bazin - Charcuterie et Salaison"},"image":{"@id":"https:\/\/andre-bazin.fr\/pai\/#\/schema\/logo\/image\/"}},{"@type":"Person","@id":"https:\/\/andre-bazin.fr\/pai\/#\/schema\/person\/82cd541b877412ec0cfb93fef797b1b3","name":"ADMIN-MATYS","image":{"@type":"ImageObject","inLanguage":"fr-FR","@id":"https:\/\/secure.gravatar.com\/avatar\/c0bbad5d93fd6efa16fe7a86b56222ca1a92685fe5ae89bce4ac1db263e23a47?s=96&d=mm&r=g","url":"https:\/\/secure.gravatar.com\/avatar\/c0bbad5d93fd6efa16fe7a86b56222ca1a92685fe5ae89bce4ac1db263e23a47?s=96&d=mm&r=g","contentUrl":"https:\/\/secure.gravatar.com\/avatar\/c0bbad5d93fd6efa16fe7a86b56222ca1a92685fe5ae89bce4ac1db263e23a47?s=96&d=mm&r=g","caption":"ADMIN-MATYS"},"url":"https:\/\/andre-bazin.fr\/pai\/author\/admin-matys\/"}]}},"gt_translate_keys":[{"key":"link","format":"url"}],"_links":{"self":[{"href":"https:\/\/andre-bazin.fr\/pai\/wp-json\/wp\/v2\/posts\/3007","targetHints":{"allow":["GET"]}}],"collection":[{"href":"https:\/\/andre-bazin.fr\/pai\/wp-json\/wp\/v2\/posts"}],"about":[{"href":"https:\/\/andre-bazin.fr\/pai\/wp-json\/wp\/v2\/types\/post"}],"author":[{"embeddable":true,"href":"https:\/\/andre-bazin.fr\/pai\/wp-json\/wp\/v2\/users\/2"}],"replies":[{"embeddable":true,"href":"https:\/\/andre-bazin.fr\/pai\/wp-json\/wp\/v2\/comments?post=3007"}],"version-history":[{"count":1,"href":"https:\/\/andre-bazin.fr\/pai\/wp-json\/wp\/v2\/posts\/3007\/revisions"}],"predecessor-version":[{"id":3009,"href":"https:\/\/andre-bazin.fr\/pai\/wp-json\/wp\/v2\/posts\/3007\/revisions\/3009"}],"wp:featuredmedia":[{"embeddable":true,"href":"https:\/\/andre-bazin.fr\/pai\/wp-json\/wp\/v2\/media\/3008"}],"wp:attachment":[{"href":"https:\/\/andre-bazin.fr\/pai\/wp-json\/wp\/v2\/media?parent=3007"}],"wp:term":[{"taxonomy":"category","embeddable":true,"href":"https:\/\/andre-bazin.fr\/pai\/wp-json\/wp\/v2\/categories?post=3007"},{"taxonomy":"post_tag","embeddable":true,"href":"https:\/\/andre-bazin.fr\/pai\/wp-json\/wp\/v2\/tags?post=3007"}],"curies":[{"name":"wp","href":"https:\/\/api.w.org\/{rel}","templated":true}]}}