{"id":6260,"date":"2025-12-17T14:12:23","date_gmt":"2025-12-17T14:12:23","guid":{"rendered":"https:\/\/andre-bazin.fr\/pai\/reunion-du-personnel-2025\/"},"modified":"2025-12-17T14:12:23","modified_gmt":"2025-12-17T14:12:23","slug":"reunion-du-personnel-2025","status":"publish","type":"post","link":"https:\/\/andre-bazin.fr\/pai\/reunion-du-personnel-2025\/","title":{"rendered":"R\u00e9union du personnel 2025","gt_translate_keys":[{"key":"rendered","format":"text"}]},"content":{"rendered":"\n<p>\u00c0 l\u2019occasion de notre r\u00e9union du personnel 2025, nous avons eu le plaisir de mettre \u00e0 l\u2019honneur nos collaborateurs m\u00e9daill\u00e9s du travail (Lucie Cossu, St\u00e9phanie Lecorney, Abdelkarim El Maghach, David Lavielle, Georges Masse, Abderrahim El Fouzari, St\u00e9phane Lassus, Lolita Saunois, Martial Tripier, Laurence Demougin, Isabelle Valentin), ainsi que nos retrait\u00e9s (Herv\u00e9 Venault, Jean-Pierre Degiorgis).<br><br>Un moment de reconnaissance et de convivialit\u00e9, ponctu\u00e9 par la remise des m\u00e9dailles, puis prolong\u00e9 autour d\u2019un buffet partag\u00e9.<br><br>Merci \u00e0 toutes et tous pour votre engagement au quotidien au sein de la soci\u00e9t\u00e9 Andr\u00e9 Bazin. \ud83e\udd1d<\/p>\n\n\n\n<div class=\"wp-block-columns is-layout-flex wp-container-core-columns-is-layout-28f84493 wp-block-columns-is-layout-flex\">\n<div class=\"wp-block-column is-layout-flow wp-block-column-is-layout-flow\">\n<figure class=\"wp-block-image size-large\"><img fetchpriority=\"high\" decoding=\"async\" width=\"1024\" height=\"1024\" src=\"https:\/\/andre-bazin.fr\/pai\/wp-content\/uploads\/sites\/6\/2025\/12\/1765809674354-1024x1024.jpg\" alt=\"\" class=\"wp-image-6262\" srcset=\"https:\/\/andre-bazin.fr\/pai\/wp-content\/uploads\/sites\/6\/2025\/12\/1765809674354-1024x1024.jpg 1024w, https:\/\/andre-bazin.fr\/pai\/wp-content\/uploads\/sites\/6\/2025\/12\/1765809674354-300x300.jpg 300w, https:\/\/andre-bazin.fr\/pai\/wp-content\/uploads\/sites\/6\/2025\/12\/1765809674354-150x150.jpg 150w, https:\/\/andre-bazin.fr\/pai\/wp-content\/uploads\/sites\/6\/2025\/12\/1765809674354-768x768.jpg 768w, https:\/\/andre-bazin.fr\/pai\/wp-content\/uploads\/sites\/6\/2025\/12\/1765809674354.jpg 1080w\" sizes=\"(max-width: 1024px) 100vw, 1024px\" \/><\/figure>\n<\/div>\n\n\n\n<div class=\"wp-block-column is-layout-flow wp-block-column-is-layout-flow\">\n<figure class=\"wp-block-image size-large\"><img decoding=\"async\" width=\"1024\" height=\"1024\" src=\"https:\/\/andre-bazin.fr\/pai\/wp-content\/uploads\/sites\/6\/2025\/12\/1765809674337-1024x1024.jpg\" alt=\"\" class=\"wp-image-6261\" srcset=\"https:\/\/andre-bazin.fr\/pai\/wp-content\/uploads\/sites\/6\/2025\/12\/1765809674337-1024x1024.jpg 1024w, https:\/\/andre-bazin.fr\/pai\/wp-content\/uploads\/sites\/6\/2025\/12\/1765809674337-300x300.jpg 300w, https:\/\/andre-bazin.fr\/pai\/wp-content\/uploads\/sites\/6\/2025\/12\/1765809674337-150x150.jpg 150w, https:\/\/andre-bazin.fr\/pai\/wp-content\/uploads\/sites\/6\/2025\/12\/1765809674337-768x768.jpg 768w, https:\/\/andre-bazin.fr\/pai\/wp-content\/uploads\/sites\/6\/2025\/12\/1765809674337.jpg 1080w\" sizes=\"(max-width: 1024px) 100vw, 1024px\" \/><\/figure>\n<\/div>\n<\/div>\n","protected":false,"gt_translate_keys":[{"key":"rendered","format":"html"}]},"excerpt":{"rendered":"<p>\u00c0 l\u2019occasion de notre r\u00e9union du personnel 2025, nous avons eu le plaisir de mettre \u00e0 l\u2019honneur nos collaborateurs m\u00e9daill\u00e9s du travail (Lucie Cossu, St\u00e9phanie Lecorney, Abdelkarim El Maghach, David Lavielle, Georges Masse, Abderrahim El Fouzari, St\u00e9phane Lassus, Lolita Saunois, Martial Tripier, Laurence Demougin, Isabelle Valentin), ainsi que nos retrait\u00e9s (Herv\u00e9 Venault, Jean-Pierre Degiorgis). Un [&hellip;]<\/p>\n","protected":false,"gt_translate_keys":[{"key":"rendered","format":"html"}]},"author":7,"featured_media":6262,"comment_status":"open","ping_status":"open","sticky":false,"template":"","format":"standard","meta":{"footnotes":""},"categories":[70],"tags":[],"class_list":["post-6260","post","type-post","status-publish","format-standard","has-post-thumbnail","hentry","category-vie-entreprise"],"yoast_head":"<!-- This site is optimized with the Yoast SEO plugin v27.3 - https:\/\/yoast.com\/product\/yoast-seo-wordpress\/ -->\n<title>R\u00e9union du personnel 2025 - PAI - Andr\u00e9 Bazin - Charcuterie et Salaison<\/title>\n<meta name=\"robots\" content=\"index, follow, max-snippet:-1, max-image-preview:large, max-video-preview:-1\" \/>\n<link rel=\"canonical\" href=\"https:\/\/andre-bazin.fr\/pai\/reunion-du-personnel-2025\/\" \/>\n<meta property=\"og:locale\" content=\"fr_FR\" \/>\n<meta property=\"og:type\" content=\"article\" \/>\n<meta property=\"og:title\" content=\"R\u00e9union du personnel 2025 - PAI - Andr\u00e9 Bazin - Charcuterie et Salaison\" \/>\n<meta property=\"og:description\" content=\"\u00c0 l\u2019occasion de notre r\u00e9union du personnel 2025, nous avons eu le plaisir de mettre \u00e0 l\u2019honneur nos collaborateurs m\u00e9daill\u00e9s du travail (Lucie Cossu, St\u00e9phanie Lecorney, Abdelkarim El Maghach, David Lavielle, Georges Masse, Abderrahim El Fouzari, St\u00e9phane Lassus, Lolita Saunois, Martial Tripier, Laurence Demougin, Isabelle Valentin), ainsi que nos retrait\u00e9s (Herv\u00e9 Venault, Jean-Pierre Degiorgis). Un [&hellip;]\" \/>\n<meta property=\"og:url\" content=\"https:\/\/andre-bazin.fr\/pai\/reunion-du-personnel-2025\/\" \/>\n<meta property=\"og:site_name\" content=\"PAI - Andr\u00e9 Bazin - Charcuterie et Salaison\" \/>\n<meta property=\"article:published_time\" content=\"2025-12-17T14:12:23+00:00\" \/>\n<meta property=\"og:image\" content=\"https:\/\/andre-bazin.fr\/pai\/wp-content\/uploads\/sites\/6\/2025\/12\/1765809674354.jpg\" \/>\n\t<meta property=\"og:image:width\" content=\"1080\" \/>\n\t<meta property=\"og:image:height\" content=\"1080\" \/>\n\t<meta property=\"og:image:type\" content=\"image\/jpeg\" \/>\n<meta name=\"author\" content=\"adminaurelie\" \/>\n<meta name=\"twitter:card\" content=\"summary_large_image\" \/>\n<meta name=\"twitter:label1\" content=\"\u00c9crit par\" \/>\n\t<meta name=\"twitter:data1\" content=\"adminaurelie\" \/>\n\t<meta name=\"twitter:label2\" content=\"Dur\u00e9e de lecture estim\u00e9e\" \/>\n\t<meta name=\"twitter:data2\" content=\"2 minutes\" \/>\n<script type=\"application\/ld+json\" class=\"yoast-schema-graph\">{\"@context\":\"https:\\\/\\\/schema.org\",\"@graph\":[{\"@type\":\"Article\",\"@id\":\"https:\\\/\\\/andre-bazin.fr\\\/pai\\\/reunion-du-personnel-2025\\\/#article\",\"isPartOf\":{\"@id\":\"https:\\\/\\\/andre-bazin.fr\\\/pai\\\/reunion-du-personnel-2025\\\/\"},\"author\":{\"name\":\"adminaurelie\",\"@id\":\"https:\\\/\\\/andre-bazin.fr\\\/pai\\\/#\\\/schema\\\/person\\\/79da3ab75acd8360241b614e6781f3c5\"},\"headline\":\"R\u00e9union du personnel 2025\",\"datePublished\":\"2025-12-17T14:12:23+00:00\",\"mainEntityOfPage\":{\"@id\":\"https:\\\/\\\/andre-bazin.fr\\\/pai\\\/reunion-du-personnel-2025\\\/\"},\"wordCount\":101,\"commentCount\":0,\"publisher\":{\"@id\":\"https:\\\/\\\/andre-bazin.fr\\\/pai\\\/#organization\"},\"image\":{\"@id\":\"https:\\\/\\\/andre-bazin.fr\\\/pai\\\/reunion-du-personnel-2025\\\/#primaryimage\"},\"thumbnailUrl\":\"https:\\\/\\\/andre-bazin.fr\\\/pai\\\/wp-content\\\/uploads\\\/sites\\\/6\\\/2025\\\/12\\\/1765809674354.jpg\",\"articleSection\":[\"Vie d\u02bcentreprise\"],\"inLanguage\":\"fr-FR\",\"potentialAction\":[{\"@type\":\"CommentAction\",\"name\":\"Comment\",\"target\":[\"https:\\\/\\\/andre-bazin.fr\\\/pai\\\/reunion-du-personnel-2025\\\/#respond\"]}]},{\"@type\":\"WebPage\",\"@id\":\"https:\\\/\\\/andre-bazin.fr\\\/pai\\\/reunion-du-personnel-2025\\\/\",\"url\":\"https:\\\/\\\/andre-bazin.fr\\\/pai\\\/reunion-du-personnel-2025\\\/\",\"name\":\"R\u00e9union du personnel 2025 - PAI - Andr\u00e9 Bazin - Charcuterie et Salaison\",\"isPartOf\":{\"@id\":\"https:\\\/\\\/andre-bazin.fr\\\/pai\\\/#website\"},\"primaryImageOfPage\":{\"@id\":\"https:\\\/\\\/andre-bazin.fr\\\/pai\\\/reunion-du-personnel-2025\\\/#primaryimage\"},\"image\":{\"@id\":\"https:\\\/\\\/andre-bazin.fr\\\/pai\\\/reunion-du-personnel-2025\\\/#primaryimage\"},\"thumbnailUrl\":\"https:\\\/\\\/andre-bazin.fr\\\/pai\\\/wp-content\\\/uploads\\\/sites\\\/6\\\/2025\\\/12\\\/1765809674354.jpg\",\"datePublished\":\"2025-12-17T14:12:23+00:00\",\"breadcrumb\":{\"@id\":\"https:\\\/\\\/andre-bazin.fr\\\/pai\\\/reunion-du-personnel-2025\\\/#breadcrumb\"},\"inLanguage\":\"fr-FR\",\"potentialAction\":[{\"@type\":\"ReadAction\",\"target\":[\"https:\\\/\\\/andre-bazin.fr\\\/pai\\\/reunion-du-personnel-2025\\\/\"]}]},{\"@type\":\"ImageObject\",\"inLanguage\":\"fr-FR\",\"@id\":\"https:\\\/\\\/andre-bazin.fr\\\/pai\\\/reunion-du-personnel-2025\\\/#primaryimage\",\"url\":\"https:\\\/\\\/andre-bazin.fr\\\/pai\\\/wp-content\\\/uploads\\\/sites\\\/6\\\/2025\\\/12\\\/1765809674354.jpg\",\"contentUrl\":\"https:\\\/\\\/andre-bazin.fr\\\/pai\\\/wp-content\\\/uploads\\\/sites\\\/6\\\/2025\\\/12\\\/1765809674354.jpg\",\"width\":1080,\"height\":1080},{\"@type\":\"BreadcrumbList\",\"@id\":\"https:\\\/\\\/andre-bazin.fr\\\/pai\\\/reunion-du-personnel-2025\\\/#breadcrumb\",\"itemListElement\":[{\"@type\":\"ListItem\",\"position\":1,\"name\":\"Accueil\",\"item\":\"https:\\\/\\\/andre-bazin.fr\\\/pai\\\/\"},{\"@type\":\"ListItem\",\"position\":2,\"name\":\"R\u00e9union du personnel 2025\"}]},{\"@type\":\"WebSite\",\"@id\":\"https:\\\/\\\/andre-bazin.fr\\\/pai\\\/#website\",\"url\":\"https:\\\/\\\/andre-bazin.fr\\\/pai\\\/\",\"name\":\"PAI - Andr\u00e9 Bazin - Charcuterie et Salaison\",\"description\":\"\",\"publisher\":{\"@id\":\"https:\\\/\\\/andre-bazin.fr\\\/pai\\\/#organization\"},\"potentialAction\":[{\"@type\":\"SearchAction\",\"target\":{\"@type\":\"EntryPoint\",\"urlTemplate\":\"https:\\\/\\\/andre-bazin.fr\\\/pai\\\/?s={search_term_string}\"},\"query-input\":{\"@type\":\"PropertyValueSpecification\",\"valueRequired\":true,\"valueName\":\"search_term_string\"}}],\"inLanguage\":\"fr-FR\"},{\"@type\":\"Organization\",\"@id\":\"https:\\\/\\\/andre-bazin.fr\\\/pai\\\/#organization\",\"name\":\"PAI - Andr\u00e9 Bazin - Charcuterie et Salaison\",\"url\":\"https:\\\/\\\/andre-bazin.fr\\\/pai\\\/\",\"logo\":{\"@type\":\"ImageObject\",\"inLanguage\":\"fr-FR\",\"@id\":\"https:\\\/\\\/andre-bazin.fr\\\/pai\\\/#\\\/schema\\\/logo\\\/image\\\/\",\"url\":\"https:\\\/\\\/andre-bazin.fr\\\/pai\\\/wp-content\\\/uploads\\\/sites\\\/6\\\/2024\\\/05\\\/LOGO_ANDRE_BAZIN-HD.png\",\"contentUrl\":\"https:\\\/\\\/andre-bazin.fr\\\/pai\\\/wp-content\\\/uploads\\\/sites\\\/6\\\/2024\\\/05\\\/LOGO_ANDRE_BAZIN-HD.png\",\"width\":1515,\"height\":660,\"caption\":\"PAI - Andr\u00e9 Bazin - Charcuterie et Salaison\"},\"image\":{\"@id\":\"https:\\\/\\\/andre-bazin.fr\\\/pai\\\/#\\\/schema\\\/logo\\\/image\\\/\"}},{\"@type\":\"Person\",\"@id\":\"https:\\\/\\\/andre-bazin.fr\\\/pai\\\/#\\\/schema\\\/person\\\/79da3ab75acd8360241b614e6781f3c5\",\"name\":\"adminaurelie\",\"image\":{\"@type\":\"ImageObject\",\"inLanguage\":\"fr-FR\",\"@id\":\"https:\\\/\\\/secure.gravatar.com\\\/avatar\\\/582ff2d1845ddd08b028f9172868828ed6dff0f08057678a432e3adaf2184e43?s=96&d=mm&r=g\",\"url\":\"https:\\\/\\\/secure.gravatar.com\\\/avatar\\\/582ff2d1845ddd08b028f9172868828ed6dff0f08057678a432e3adaf2184e43?s=96&d=mm&r=g\",\"contentUrl\":\"https:\\\/\\\/secure.gravatar.com\\\/avatar\\\/582ff2d1845ddd08b028f9172868828ed6dff0f08057678a432e3adaf2184e43?s=96&d=mm&r=g\",\"caption\":\"adminaurelie\"},\"url\":\"https:\\\/\\\/andre-bazin.fr\\\/pai\\\/author\\\/adminaurelie\\\/\"}]}<\/script>\n<!-- \/ Yoast SEO plugin. -->","yoast_head_json":{"title":"R\u00e9union du personnel 2025 - PAI - Andr\u00e9 Bazin - Charcuterie et Salaison","robots":{"index":"index","follow":"follow","max-snippet":"max-snippet:-1","max-image-preview":"max-image-preview:large","max-video-preview":"max-video-preview:-1"},"canonical":"https:\/\/andre-bazin.fr\/pai\/reunion-du-personnel-2025\/","og_locale":"fr_FR","og_type":"article","og_title":"R\u00e9union du personnel 2025 - PAI - Andr\u00e9 Bazin - Charcuterie et Salaison","og_description":"\u00c0 l\u2019occasion de notre r\u00e9union du personnel 2025, nous avons eu le plaisir de mettre \u00e0 l\u2019honneur nos collaborateurs m\u00e9daill\u00e9s du travail (Lucie Cossu, St\u00e9phanie Lecorney, Abdelkarim El Maghach, David Lavielle, Georges Masse, Abderrahim El Fouzari, St\u00e9phane Lassus, Lolita Saunois, Martial Tripier, Laurence Demougin, Isabelle Valentin), ainsi que nos retrait\u00e9s (Herv\u00e9 Venault, Jean-Pierre Degiorgis). Un [&hellip;]","og_url":"https:\/\/andre-bazin.fr\/pai\/reunion-du-personnel-2025\/","og_site_name":"PAI - Andr\u00e9 Bazin - Charcuterie et Salaison","article_published_time":"2025-12-17T14:12:23+00:00","og_image":[{"width":1080,"height":1080,"url":"https:\/\/andre-bazin.fr\/pai\/wp-content\/uploads\/sites\/6\/2025\/12\/1765809674354.jpg","type":"image\/jpeg"}],"author":"adminaurelie","twitter_card":"summary_large_image","twitter_misc":{"\u00c9crit par":"adminaurelie","Dur\u00e9e de lecture estim\u00e9e":"2 minutes"},"schema":{"@context":"https:\/\/schema.org","@graph":[{"@type":"Article","@id":"https:\/\/andre-bazin.fr\/pai\/reunion-du-personnel-2025\/#article","isPartOf":{"@id":"https:\/\/andre-bazin.fr\/pai\/reunion-du-personnel-2025\/"},"author":{"name":"adminaurelie","@id":"https:\/\/andre-bazin.fr\/pai\/#\/schema\/person\/79da3ab75acd8360241b614e6781f3c5"},"headline":"R\u00e9union du personnel 2025","datePublished":"2025-12-17T14:12:23+00:00","mainEntityOfPage":{"@id":"https:\/\/andre-bazin.fr\/pai\/reunion-du-personnel-2025\/"},"wordCount":101,"commentCount":0,"publisher":{"@id":"https:\/\/andre-bazin.fr\/pai\/#organization"},"image":{"@id":"https:\/\/andre-bazin.fr\/pai\/reunion-du-personnel-2025\/#primaryimage"},"thumbnailUrl":"https:\/\/andre-bazin.fr\/pai\/wp-content\/uploads\/sites\/6\/2025\/12\/1765809674354.jpg","articleSection":["Vie d\u02bcentreprise"],"inLanguage":"fr-FR","potentialAction":[{"@type":"CommentAction","name":"Comment","target":["https:\/\/andre-bazin.fr\/pai\/reunion-du-personnel-2025\/#respond"]}]},{"@type":"WebPage","@id":"https:\/\/andre-bazin.fr\/pai\/reunion-du-personnel-2025\/","url":"https:\/\/andre-bazin.fr\/pai\/reunion-du-personnel-2025\/","name":"R\u00e9union du personnel 2025 - PAI - Andr\u00e9 Bazin - Charcuterie et Salaison","isPartOf":{"@id":"https:\/\/andre-bazin.fr\/pai\/#website"},"primaryImageOfPage":{"@id":"https:\/\/andre-bazin.fr\/pai\/reunion-du-personnel-2025\/#primaryimage"},"image":{"@id":"https:\/\/andre-bazin.fr\/pai\/reunion-du-personnel-2025\/#primaryimage"},"thumbnailUrl":"https:\/\/andre-bazin.fr\/pai\/wp-content\/uploads\/sites\/6\/2025\/12\/1765809674354.jpg","datePublished":"2025-12-17T14:12:23+00:00","breadcrumb":{"@id":"https:\/\/andre-bazin.fr\/pai\/reunion-du-personnel-2025\/#breadcrumb"},"inLanguage":"fr-FR","potentialAction":[{"@type":"ReadAction","target":["https:\/\/andre-bazin.fr\/pai\/reunion-du-personnel-2025\/"]}]},{"@type":"ImageObject","inLanguage":"fr-FR","@id":"https:\/\/andre-bazin.fr\/pai\/reunion-du-personnel-2025\/#primaryimage","url":"https:\/\/andre-bazin.fr\/pai\/wp-content\/uploads\/sites\/6\/2025\/12\/1765809674354.jpg","contentUrl":"https:\/\/andre-bazin.fr\/pai\/wp-content\/uploads\/sites\/6\/2025\/12\/1765809674354.jpg","width":1080,"height":1080},{"@type":"BreadcrumbList","@id":"https:\/\/andre-bazin.fr\/pai\/reunion-du-personnel-2025\/#breadcrumb","itemListElement":[{"@type":"ListItem","position":1,"name":"Accueil","item":"https:\/\/andre-bazin.fr\/pai\/"},{"@type":"ListItem","position":2,"name":"R\u00e9union du personnel 2025"}]},{"@type":"WebSite","@id":"https:\/\/andre-bazin.fr\/pai\/#website","url":"https:\/\/andre-bazin.fr\/pai\/","name":"PAI - Andr\u00e9 Bazin - Charcuterie et Salaison","description":"","publisher":{"@id":"https:\/\/andre-bazin.fr\/pai\/#organization"},"potentialAction":[{"@type":"SearchAction","target":{"@type":"EntryPoint","urlTemplate":"https:\/\/andre-bazin.fr\/pai\/?s={search_term_string}"},"query-input":{"@type":"PropertyValueSpecification","valueRequired":true,"valueName":"search_term_string"}}],"inLanguage":"fr-FR"},{"@type":"Organization","@id":"https:\/\/andre-bazin.fr\/pai\/#organization","name":"PAI - Andr\u00e9 Bazin - Charcuterie et Salaison","url":"https:\/\/andre-bazin.fr\/pai\/","logo":{"@type":"ImageObject","inLanguage":"fr-FR","@id":"https:\/\/andre-bazin.fr\/pai\/#\/schema\/logo\/image\/","url":"https:\/\/andre-bazin.fr\/pai\/wp-content\/uploads\/sites\/6\/2024\/05\/LOGO_ANDRE_BAZIN-HD.png","contentUrl":"https:\/\/andre-bazin.fr\/pai\/wp-content\/uploads\/sites\/6\/2024\/05\/LOGO_ANDRE_BAZIN-HD.png","width":1515,"height":660,"caption":"PAI - Andr\u00e9 Bazin - Charcuterie et Salaison"},"image":{"@id":"https:\/\/andre-bazin.fr\/pai\/#\/schema\/logo\/image\/"}},{"@type":"Person","@id":"https:\/\/andre-bazin.fr\/pai\/#\/schema\/person\/79da3ab75acd8360241b614e6781f3c5","name":"adminaurelie","image":{"@type":"ImageObject","inLanguage":"fr-FR","@id":"https:\/\/secure.gravatar.com\/avatar\/582ff2d1845ddd08b028f9172868828ed6dff0f08057678a432e3adaf2184e43?s=96&d=mm&r=g","url":"https:\/\/secure.gravatar.com\/avatar\/582ff2d1845ddd08b028f9172868828ed6dff0f08057678a432e3adaf2184e43?s=96&d=mm&r=g","contentUrl":"https:\/\/secure.gravatar.com\/avatar\/582ff2d1845ddd08b028f9172868828ed6dff0f08057678a432e3adaf2184e43?s=96&d=mm&r=g","caption":"adminaurelie"},"url":"https:\/\/andre-bazin.fr\/pai\/author\/adminaurelie\/"}]}},"gt_translate_keys":[{"key":"link","format":"url"}],"_links":{"self":[{"href":"https:\/\/andre-bazin.fr\/pai\/wp-json\/wp\/v2\/posts\/6260","targetHints":{"allow":["GET"]}}],"collection":[{"href":"https:\/\/andre-bazin.fr\/pai\/wp-json\/wp\/v2\/posts"}],"about":[{"href":"https:\/\/andre-bazin.fr\/pai\/wp-json\/wp\/v2\/types\/post"}],"author":[{"embeddable":true,"href":"https:\/\/andre-bazin.fr\/pai\/wp-json\/wp\/v2\/users\/7"}],"replies":[{"embeddable":true,"href":"https:\/\/andre-bazin.fr\/pai\/wp-json\/wp\/v2\/comments?post=6260"}],"version-history":[{"count":1,"href":"https:\/\/andre-bazin.fr\/pai\/wp-json\/wp\/v2\/posts\/6260\/revisions"}],"predecessor-version":[{"id":6263,"href":"https:\/\/andre-bazin.fr\/pai\/wp-json\/wp\/v2\/posts\/6260\/revisions\/6263"}],"wp:featuredmedia":[{"embeddable":true,"href":"https:\/\/andre-bazin.fr\/pai\/wp-json\/wp\/v2\/media\/6262"}],"wp:attachment":[{"href":"https:\/\/andre-bazin.fr\/pai\/wp-json\/wp\/v2\/media?parent=6260"}],"wp:term":[{"taxonomy":"category","embeddable":true,"href":"https:\/\/andre-bazin.fr\/pai\/wp-json\/wp\/v2\/categories?post=6260"},{"taxonomy":"post_tag","embeddable":true,"href":"https:\/\/andre-bazin.fr\/pai\/wp-json\/wp\/v2\/tags?post=6260"}],"curies":[{"name":"wp","href":"https:\/\/api.w.org\/{rel}","templated":true}]}}